{"id":523993,"date":"2025-12-19T16:10:34","date_gmt":"2025-12-20T00:10:34","guid":{"rendered":"https:\/\/redim.ca\/yuksek-talep-nedeniyle-evde-bakim-calisani-gocmenlik-pilot-programi-basvurulari-durduruldu\/"},"modified":"2025-12-19T16:10:34","modified_gmt":"2025-12-20T00:10:34","slug":"yuksek-talep-nedeniyle-evde-bakim-calisani-gocmenlik-pilot-programi-basvurulari-durduruldu","status":"publish","type":"post","link":"https:\/\/redim.ca\/tr\/yuksek-talep-nedeniyle-evde-bakim-calisani-gocmenlik-pilot-programi-basvurulari-durduruldu\/","title":{"rendered":"Y\u00fcksek Talep Nedeniyle Evde Bak\u0131m \u00c7al\u0131\u015fan\u0131 G\u00f6\u00e7menlik Pilot Program\u0131 Ba\u015fvurular\u0131 Durduruldu"},"content":{"rendered":"<p>Federal g\u00f6\u00e7menlik yetkilileri, Evde Bak\u0131m \u00c7al\u0131\u015fan\u0131 G\u00f6\u00e7menlik pilot programlar\u0131 (Home Care Worker Immigration pilots) i\u00e7in ba\u015fvuru al\u0131mlar\u0131n\u0131n bir sonraki duyuruya kadar durduruldu\u011funu teyit etti. Bu pilot programlar, Kanada&#8217;da \u00e7ocuklara, ya\u015fl\u0131lara veya t\u0131bbi bak\u0131ma muhta\u00e7 bireylere evde destek sa\u011flayan yabanc\u0131 uyruklu bak\u0131c\u0131lar\u0131n kal\u0131c\u0131 ikamet (PR) stat\u00fcs\u00fc almalar\u0131na olanak tan\u0131yan g\u00f6\u00e7menlik yollar\u0131d\u0131r. Temel olarak, Kanada&#8217;da ge\u00e7erli bir i\u015f teklifi olan veya Kanada&#8217;da bak\u0131c\u0131l\u0131k deneyimi bulunan ve belirli dil ile e\u011fitim kriterlerini kar\u015f\u0131layan profesyonelleri hedeflemektedir. **19 Aral\u0131k 2025** tarihli duyuruda bu karar, **2026-2028 G\u00f6\u00e7menlik Seviyeleri Plan\u0131** ile ili\u015fkilendirildi ve mevcut kontenjanlar\u0131n \u00e7ok \u00fczerinde seyreden yo\u011fun talep gerek\u00e7e g\u00f6sterildi. Sonu\u00e7 olarak, pilot programlar **Mart 2026&#8217;da tekrar a\u00e7\u0131lmayacak** ve bakanl\u0131k halihaz\u0131rda al\u0131nm\u0131\u015f olan ba\u015fvurular\u0131n i\u015flenmesine odaklanacak.<\/p>\n<p>G\u00fcncellemede evde bak\u0131m \u00e7al\u0131\u015fanlar\u0131; **ya\u015fl\u0131lar\u0131, \u00e7ocuklar\u0131 ve engelli bireyleri** destekleyen temel \u00e7al\u0131\u015fanlar olarak tan\u0131mland\u0131. Bu durdurma karar\u0131, sonu\u00e7land\u0131r\u0131lmay\u0131 bekleyen ba\u015fvuru say\u0131s\u0131n\u0131n daha fazla artmas\u0131n\u0131 \u00f6nleyerek bekleme s\u00fcrelerini azaltmay\u0131 ama\u00e7layan bir envanter y\u00f6netimi \u00f6nlemi olarak sunuldu. Al\u0131mlar\u0131n yeniden ba\u015flamas\u0131 da dahil olmak \u00fczere gelecekteki program g\u00fcncellemelerinin kamuoyuyla payla\u015f\u0131lmas\u0131 bekleniyor.<\/p>\n<p class=\"blank\"><\/p>\n<h2>Mart 2026 al\u0131m\u0131 i\u00e7in durdurma karar\u0131n\u0131n anlam\u0131<\/h2>\n<p>En do\u011frudan etki prosed\u00fcrel ancak \u00f6nemlidir: Bir\u00e7ok aday planlar\u0131n\u0131 bu tarihe g\u00f6re yapm\u0131\u015f olsa da, **Mart 2026**&#8217;da yeni bir ba\u015fvuru penceresi a\u00e7\u0131lmayacak. Al\u0131mlar\u0131n durdurulmas\u0131yla birlikte, yeni adaylar i\u015fe haz\u0131r olma durumlar\u0131na veya i\u015fveren talebine bak\u0131lmaks\u0131z\u0131n bir sonraki duyuruya kadar bu pilot programlar kapsam\u0131nda ba\u015fvuru yapamayacaklar.<\/p>\n<p>Planlama perspektifinden bak\u0131ld\u0131\u011f\u0131nda, bu durum evde bak\u0131m \u00e7al\u0131\u015fanlar\u0131n\u0131n ve hane halklar\u0131n\u0131n g\u00f6\u00e7menlik takvimlerine yakla\u015f\u0131mlar\u0131n\u0131 de\u011fi\u015ftirmektedir:<\/p>\n<ul>\n<li>2026 ba\u015flar\u0131nda ba\u015fvuru yapmay\u0131 bekleyen adaylar, bu planlar\u0131n\u0131 ask\u0131ya almal\u0131 ve resmi olmayan takvimlere g\u00fcvenmekten ka\u00e7\u0131nmal\u0131d\u0131r.<\/li>\n<li>\u0130\u015fverenler ve aileler, e\u011fer \u00e7al\u0131\u015fan \u015fu anda yurt d\u0131\u015f\u0131ndaysa veya stat\u00fc s\u00fcresinin sonuna yakla\u015f\u0131yorsa, uzun vadeli \u00e7al\u0131\u015fma izni \u00e7\u00f6z\u00fcmlerini g\u00fcvence alt\u0131na almak i\u00e7in daha uzun bekleme s\u00fcrelerini \u00f6ng\u00f6rmelidir.<\/li>\n<li>Adaylar, al\u0131mlar\u0131n a\u00e7\u0131k oldu\u011fu veya durdurma s\u0131ras\u0131nda ba\u015fvuru yap\u0131labilece\u011fi y\u00f6n\u00fcndeki \u00fc\u00e7\u00fcnc\u00fc taraf iddialar\u0131na kar\u015f\u0131 dikkatli olmal\u0131d\u0131r; zira bu durum genellikle ret kararlar\u0131na veya \u00fccret kay\u0131plar\u0131na yol a\u00e7ar.<\/li>\n<\/ul>\n<p>Pratik bir \u00e7\u0131kar\u0131m olarak, bir durdurma karar\u0131 program\u0131n kal\u0131c\u0131 olarak iptal edildi\u011fi anlam\u0131na gelmez, ancak \u00f6ng\u00f6r\u00fclebilirli\u011fi ortadan kald\u0131r\u0131r. Di\u011fer g\u00f6\u00e7menlik yollar\u0131ndaki benzer duraklatmalarda, al\u0131mlar ancak envanter kontrol alt\u0131na al\u0131nd\u0131\u011f\u0131nda ve y\u0131ll\u0131k hedefler yeni alanlara izin verdi\u011finde yeniden a\u00e7\u0131lmaktad\u0131r. Yeniden a\u00e7\u0131l\u0131\u015f\u0131n, y\u00fcksek talepli programlar\u0131n \u00e7ok y\u0131ll\u0131 seviye planlamas\u0131yla uyumlu hale getirilmesi s\u00fcrecinde s\u0131k\u00e7a g\u00f6r\u00fcld\u00fc\u011f\u00fc \u00fczere, daha net kotalar veya daha k\u0131s\u0131tlay\u0131c\u0131 uygunluk kriterleri ile gelmesi muhtemeldir.<\/p>\n<p class=\"blank\"><\/p>\n<h2>Halihaz\u0131rda sunulmu\u015f olan mevcut ba\u015fvurulara ne olacak?<\/h2>\n<p>Bakanl\u0131k, halihaz\u0131rda al\u0131nm\u0131\u015f olan ba\u015fvurular\u0131n **2026-2028 G\u00f6\u00e7menlik Seviyeleri Plan\u0131** do\u011frultusunda i\u015flenmeye devam edece\u011fini belirtti. Di\u011fer bir deyi\u015fle, durdurma karar\u0131ndan \u00f6nce ba\u015fvuran ki\u015filer sistemde kalmaya devam edecek ve dosyalar\u0131; eksiksizlik kontrolleri, uygunluk incelemesi, sa\u011fl\u0131k ve g\u00fcvenlik de\u011ferlendirmeleri ile nihai karar verme gibi standart a\u015famalardan ge\u00e7meye devam edecektir.<\/p>\n<p>Beklemede olan dosyas\u0131 bulunan adaylar, dosya d\u00fczenine odaklanmal\u0131d\u0131r; \u00e7\u00fcnk\u00fc i\u015flem \u00f6nceli\u011fi genellikle m\u00fckerrer takip gerektirmeyen, iyi belgelenmi\u015f ba\u015fvurulara verilir:<\/p>\n<ul>\n<li>Pasaportlar\u0131 ge\u00e7erli tutun ve son kullanma tarihi yakla\u015f\u0131yorsa erkenden yenileyin.<\/li>\n<li>Belge taleplerine h\u0131zl\u0131 ve eksiksiz yan\u0131t verin.<\/li>\n<li>Aile bile\u015fimi, adres, istihdam veya temsilci de\u011fi\u015fikliklerini bakanl\u0131\u011fa derhal bildirin.<\/li>\n<li>\u00dclke i\u00e7indeyseniz, ge\u00e7erli ge\u00e7ici ikamet stat\u00fcn\u00fcz\u00fc koruyun; \u00e7\u00fcnk\u00fc kal\u0131c\u0131 ikamet ba\u015fvurusu s\u00fcreci stat\u00fcy\u00fc otomatik olarak uzatmaz.<\/li>\n<\/ul>\n<p>Bir evde bak\u0131m \u00e7al\u0131\u015fan\u0131na g\u00fcvenen aileler i\u00e7in operasyonel etki hem duygusal hem de lojistik olabilir. \u00c7al\u0131\u015fan\u0131n halihaz\u0131rda istihdam edildi\u011fi durumlarda, hane halk\u0131 durumu i\u015fveren uyumlu \u00e7al\u0131\u015fma izni yollar\u0131yla stabilize edebilir. \u00c7al\u0131\u015fan\u0131n yurt d\u0131\u015f\u0131nda oldu\u011fu durumlarda ise durdurma karar\u0131 kal\u0131c\u0131 \u00e7\u00f6z\u00fcm\u00fc geciktirebilir ve e\u011fer uygunsa, ge\u00e7ici \u00e7al\u0131\u015fma izinlerine olan ba\u011f\u0131ml\u0131l\u0131\u011f\u0131 art\u0131rabilir.<\/p>\n<p class=\"blank\"><\/p>\n<h2>Evde Bak\u0131m \u00c7al\u0131\u015fan\u0131 G\u00f6\u00e7menlik program\u0131 nedir?<\/h2>\n<p>Evde Bak\u0131m \u00c7al\u0131\u015fan\u0131 G\u00f6\u00e7menlik program\u0131, nitelikli evde bak\u0131m \u00e7al\u0131\u015fanlar\u0131n\u0131n \u00f6zel hanelerde ve toplum bak\u0131m ortamlar\u0131nda devam eden i\u015f g\u00fcc\u00fc ihtiya\u00e7lar\u0131n\u0131 kar\u015f\u0131lad\u0131klar\u0131nda kal\u0131c\u0131 ikamete ge\u00e7melerine yard\u0131mc\u0131 olmak i\u00e7in tasarlanm\u0131\u015f \u00f6zel yollar dizisini ifade eder. Bu pilot programlar, bak\u0131m deste\u011fine olan talebin artmaya devam etti\u011fi ve bak\u0131m\u0131n s\u00fcreklili\u011fi i\u00e7in istikrarl\u0131, yetkili \u00e7al\u0131\u015fanlar\u0131n temel oldu\u011fu ger\u00e7e\u011fi \u00fczerine in\u015fa edilmi\u015ftir.<\/p>\n<p>Uygulamada program; g\u00fcnl\u00fck ya\u015fam yard\u0131m\u0131, hareket deste\u011fi, g\u00f6zetim ve temel ki\u015fisel bak\u0131m gibi uygulamal\u0131 destek sa\u011flayan evde bak\u0131m \u00e7al\u0131\u015fanlar\u0131na odaklanmaktad\u0131r. 19 Aral\u0131k 2025 tarihli g\u00fcncelleme, evde bak\u0131m \u00e7al\u0131\u015fanlar\u0131n\u0131n **ya\u015fl\u0131lar\u0131, \u00e7ocuklar\u0131 ve engelli bireyleri** desteklemedeki rol\u00fcn\u00fc vurgulayarak kamu politikas\u0131 gerek\u00e7esini peki\u015ftirmi\u015ftir.<\/p>\n<p>Evde bak\u0131m \u00e7al\u0131\u015fanlar\u0131 ve aileler i\u00e7in mevcut zorluklar genellikle belirsiz takvimleri, sona eren stat\u00fcleri ve temel bak\u0131m ihtiya\u00e7lar\u0131n\u0131 g\u00f6\u00e7menlik uyumuyla dengelemenin stresini i\u00e7erir. Bir g\u00f6\u00e7menlik dan\u0131\u015fman\u0131ndan destek almak, yasal ge\u00e7ici se\u00e7eneklerin haritaland\u0131r\u0131lmas\u0131na, herhangi bir yeniden a\u00e7\u0131lma \u00f6ncesinde kan\u0131tlar\u0131n haz\u0131rlanmas\u0131na ve ba\u015fvurular ile bakanl\u0131kla olan ileti\u015fimlerde temsil sa\u011flanmas\u0131na yard\u0131mc\u0131 olabilir.<\/p>\n","protected":false},"excerpt":{"rendered":"<p>Kanada, yo\u011fun talep nedeniyle Evde Bak\u0131m \u00c7al\u0131\u015fan\u0131 pilot programlar\u0131n\u0131 durdurdu. 2026 Mart al\u0131m\u0131 iptal edilirken mevcut ba\u015fvurular\u0131n i\u015flenmesine devam edilecek.<\/p>\n","protected":false},"author":4,"featured_media":523970,"comment_status":"","ping_status":"closed","sticky":false,"template":"","format":"standard","meta":{"footnotes":""},"categories":[4186],"tags":[2705,5031,5027,2736,5023,3954,5032],"class_list":["post-523993","post","type-post","status-publish","format-standard","has-post-thumbnail","hentry","category-federal-tr","tag-bakici","tag-daimi-oturum","tag-ekonomik-gocmenlik","tag-goc-sureci","tag-ircc-guncellemeleri","tag-pilot-programlar","tag-politika"],"_links":{"self":[{"href":"https:\/\/redim.ca\/tr\/wp-json\/wp\/v2\/posts\/523993","targetHints":{"allow":["GET"]}}],"collection":[{"href":"https:\/\/redim.ca\/tr\/wp-json\/wp\/v2\/posts"}],"about":[{"href":"https:\/\/redim.ca\/tr\/wp-json\/wp\/v2\/types\/post"}],"author":[{"embeddable":true,"href":"https:\/\/redim.ca\/tr\/wp-json\/wp\/v2\/users\/4"}],"replies":[{"embeddable":true,"href":"https:\/\/redim.ca\/tr\/wp-json\/wp\/v2\/comments?post=523993"}],"version-history":[{"count":0,"href":"https:\/\/redim.ca\/tr\/wp-json\/wp\/v2\/posts\/523993\/revisions"}],"wp:featuredmedia":[{"embeddable":true,"href":"https:\/\/redim.ca\/tr\/wp-json\/wp\/v2\/media\/523970"}],"wp:attachment":[{"href":"https:\/\/redim.ca\/tr\/wp-json\/wp\/v2\/media?parent=523993"}],"wp:term":[{"taxonomy":"category","embeddable":true,"href":"https:\/\/redim.ca\/tr\/wp-json\/wp\/v2\/categories?post=523993"},{"taxonomy":"post_tag","embeddable":true,"href":"https:\/\/redim.ca\/tr\/wp-json\/wp\/v2\/tags?post=523993"}],"curies":[{"name":"wp","href":"https:\/\/api.w.org\/{rel}","templated":true}]}}