{"id":523924,"date":"2025-12-15T21:30:18","date_gmt":"2025-12-16T05:30:18","guid":{"rendered":"https:\/\/redim.ca\/c-3-sayili-yasa-kapsaminda-yeni-vatandaslik-kurallari-kimler-artik-kanadali-ve-kimler-vatandaslik-aktarabilir\/"},"modified":"2025-12-15T21:30:18","modified_gmt":"2025-12-16T05:30:18","slug":"c-3-sayili-yasa-kapsaminda-yeni-vatandaslik-kurallari-kimler-artik-kanadali-ve-kimler-vatandaslik-aktarabilir","status":"publish","type":"post","link":"https:\/\/redim.ca\/tr\/c-3-sayili-yasa-kapsaminda-yeni-vatandaslik-kurallari-kimler-artik-kanadali-ve-kimler-vatandaslik-aktarabilir\/","title":{"rendered":"C-3 Say\u0131l\u0131 Yasa Kapsam\u0131nda Yeni Vatanda\u015fl\u0131k Kurallar\u0131: Kimler Art\u0131k Kanadal\u0131 ve Kimler Vatanda\u015fl\u0131k Aktarabilir"},"content":{"rendered":"<p>Kanada, son y\u0131llar\u0131n en \u00f6nemli vatanda\u015fl\u0131k reformlar\u0131ndan birini y\u00fcr\u00fcrl\u00fc\u011fe koydu. Vatanda\u015fl\u0131k Yasas\u0131&#8217;n\u0131 De\u011fi\u015ftiren Yasa (2025) olan C-3 Say\u0131l\u0131 Yasa, <strong>15 Aral\u0131k 2025<\/strong> tarihinden itibaren resmen y\u00fcr\u00fcrl\u00fcktedir. Bu tarihten itibaren, <strong>15 Aral\u0131k 2025<\/strong>&#8216;ten \u00f6nce do\u011fmu\u015f olup da ilk nesil s\u0131n\u0131r\u0131 veya di\u011fer eski kurallar nedeniyle vatanda\u015f olamayan ki\u015filer art\u0131k Kanadal\u0131 say\u0131lmakta ve vatanda\u015fl\u0131k belgesi i\u00e7in ba\u015fvurabilmektedir. Ayn\u0131 zamanda, gelecekte yurt d\u0131\u015f\u0131nda do\u011fan veya evlat edinilen \u00e7ocuklara vatanda\u015fl\u0131\u011f\u0131n nas\u0131l aktar\u0131laca\u011f\u0131n\u0131 d\u00fczenleyen a\u00e7\u0131k yeni kurallar da y\u00fcr\u00fcrl\u00fc\u011fe girmi\u015ftir.<\/p>\n<p class=\"blank\"><\/p>\n<h2>Yeni yasaya g\u00f6re kimler art\u0131k Kanadal\u0131<\/h2>\n<p>C-3 Say\u0131l\u0131 Yasa, genellikle <strong>Kaybolmu\u015f Kanadal\u0131lar<\/strong> olarak adland\u0131r\u0131lan ki\u015fileri ve onlar\u0131n torunlar\u0131n\u0131 etkileyen uzun s\u00fcredir devam eden bo\u015fluklar\u0131 ele almaktad\u0131r. Tarihsel olarak, birka\u00e7 kural dizisi kafa kar\u0131\u015f\u0131kl\u0131\u011f\u0131na ve d\u0131\u015flanmaya neden olmu\u015ftur:<\/p>\n<ul>\n<li>\u0130lk Kanada Vatanda\u015fl\u0131k Yasas\u0131 olan <strong>1947<\/strong> tarihli yasa, baz\u0131 ki\u015filerin vatanda\u015fl\u0131klar\u0131n\u0131 kaybetmesine veya hi\u00e7 edinmemesine neden olan h\u00fck\u00fcmler i\u00e7ermekteydi.<\/li>\n<li><strong>2009<\/strong> ve <strong>2015<\/strong> y\u0131llar\u0131ndaki yasal de\u011fi\u015fiklikler bu vakalar\u0131n \u00e7o\u011funu d\u00fczeltti ve yakla\u015f\u0131k <strong>20.000<\/strong> ki\u015finin Kanada vatanda\u015fl\u0131\u011f\u0131 belgesi almak i\u00e7in ba\u015fvurmas\u0131na yol a\u00e7t\u0131.<\/li>\n<li><strong>2009<\/strong>&#8216;da, <strong>ilk nesil s\u0131n\u0131r\u0131<\/strong> olarak bilinen ayr\u0131 bir kural eklendi ve Kanadal\u0131 ebeveynleri de Kanada d\u0131\u015f\u0131nda do\u011fmu\u015f veya evlat edinilmi\u015fse, yurt d\u0131\u015f\u0131nda do\u011fan veya evlat edinilen baz\u0131 \u00e7ocuklar\u0131n vatanda\u015f olmas\u0131n\u0131 engelledi.<\/li>\n<\/ul>\n<p>\u00d6nceki d\u00fczeltmelere ra\u011fmen, 8. b\u00f6l\u00fcm Kaybolmu\u015f Kanadal\u0131lar ve onlar\u0131n torunlar\u0131 da dahil olmak \u00fczere baz\u0131 ki\u015filer sistemin d\u0131\u015f\u0131nda kald\u0131. <strong>19 Aral\u0131k 2023<\/strong> tarihinde, Ontario Y\u00fcksek Adalet Divan\u0131, Vatanda\u015fl\u0131k Yasas\u0131&#8217;n\u0131n ilk nesil s\u0131n\u0131r\u0131yla ilgili temel k\u0131s\u0131mlar\u0131n\u0131n anayasaya ayk\u0131r\u0131 oldu\u011funa karar verdi. Federal h\u00fck\u00fcmet, eski kurallar\u0131n yurt d\u0131\u015f\u0131nda do\u011fan Kanadal\u0131 \u00e7ocuklar\u0131 i\u00e7in kabul edilemez sonu\u00e7lar do\u011furdu\u011funu kabul ederek temyize gitmemeyi se\u00e7ti.<\/p>\n<p>Buna cevaben, h\u00fck\u00fcmet <strong>5 Haziran 2025<\/strong> tarihinde <strong>C-3 Say\u0131l\u0131 Yasa<\/strong>&#8216;y\u0131 tan\u0131tt\u0131, bu yasa <strong>20 Kas\u0131m 2025<\/strong> tarihinde Kraliyet Onay\u0131 ald\u0131 ve <strong>15 Aral\u0131k 2025<\/strong> tarihinde y\u00fcr\u00fcrl\u00fc\u011fe girdi. Bu y\u00fcr\u00fcrl\u00fck tarihinden itibaren, a\u015fa\u011f\u0131daki gruplar de\u011fi\u015ftirilen yasa kapsam\u0131nda art\u0131k tan\u0131nmakta veya desteklenmektedir:<\/p>\n<ul>\n<li>Yeni kurallar kapsam\u0131nda <strong>otomatik olarak Kanada vatanda\u015f\u0131 olan ki\u015filer<\/strong> art\u0131k <strong>vatanda\u015fl\u0131k sertifikas\u0131 (vatanda\u015fl\u0131k belgesi)<\/strong> i\u00e7in ba\u015fvurabilirler.<\/li>\n<li><strong>15 Aral\u0131k 2025<\/strong>&#8216;ten \u00f6nce, kendisi de yurt d\u0131\u015f\u0131nda do\u011fmu\u015f veya evlat edinilmi\u015f bir Kanadal\u0131 ebeveyn taraf\u0131ndan yurt d\u0131\u015f\u0131nda evlat edinilen ki\u015filer, o evlat edinilen \u00e7ocuk i\u00e7in Kanada vatanda\u015fl\u0131\u011f\u0131na ba\u015fvurabilirler.<\/li>\n<li><strong>15 Aral\u0131k 2025<\/strong>&#8216;ten \u00f6nce do\u011fmu\u015f, C-3 Say\u0131l\u0131 Yasa kapsam\u0131nda otomatik olarak vatanda\u015f olan ancak Kanada vatanda\u015fl\u0131\u011f\u0131n\u0131 ta\u015f\u0131may\u0131 tercih etmeyen ki\u015filer, <strong>basitle\u015ftirilmi\u015f vatanda\u015fl\u0131ktan feragat s\u00fcreci<\/strong>ni kullanabilirler.<\/li>\n<\/ul>\n<p><strong>2023<\/strong> mahkeme karar\u0131ndan sonra olu\u015fturulan ge\u00e7ici \u00f6nlem kapsam\u0131nda daha \u00f6nce ba\u015fvuranlar\u0131n yeniden ba\u015fvuru yapmas\u0131na gerek yoktur. IRCC, bu ba\u015fvurular\u0131 yeni kurallar\u0131 kullanarak i\u015fleme koyacakt\u0131r. Pratikte, bunun, zaten a\u00e7\u0131kl\u0131k bekleyen aileler i\u00e7in gecikmeleri ve tekrarlar\u0131 \u00f6nemli \u00f6l\u00e7\u00fcde azaltmas\u0131 beklenmektedir.<\/p>\n<p>Bu de\u011fi\u015fiklikler dizisi, Kanada vatanda\u015fl\u0131\u011f\u0131n\u0131n de\u011ferini korurken, kontroll\u00fc ve ilkeli bir \u015fekilde vatanda\u015fl\u0131\u011fa eri\u015fimi ilk neslin \u00f6tesine etkili bir \u015fekilde geni\u015fletmektedir.<\/p>\n<p class=\"blank\"><\/p>\n<h2>Yurt d\u0131\u015f\u0131nda do\u011fan veya evlat edinilen \u00e7ocuklara vatanda\u015fl\u0131k ge\u00e7i\u015fi i\u00e7in yeni kurallar<\/h2>\n<p>C-3 Say\u0131l\u0131 Yasa sadece ge\u00e7mi\u015fi d\u00fczeltmekle kalm\u0131yor. Ayn\u0131 zamanda \u00fclke d\u0131\u015f\u0131nda ya\u015fayan gelecek nesil Kanadal\u0131lar i\u00e7in \u00f6ng\u00f6r\u00fclebilir bir yol yarat\u0131yor. Yurt d\u0131\u015f\u0131nda do\u011fmu\u015f veya evlat edinilmi\u015f bir Kanadal\u0131 ebeveyn, ebeveynin Kanada ile ger\u00e7ek bir ba\u011f kurdu\u011funu g\u00f6sterebildi\u011fi s\u00fcrece, bug\u00fcn veya gelecekte yurt d\u0131\u015f\u0131nda do\u011fmu\u015f veya evlat edinilmi\u015f bir \u00e7ocu\u011fa vatanda\u015fl\u0131k aktarabilir.<\/p>\n<p>Yeni kurallara g\u00f6re, yurt d\u0131\u015f\u0131nda do\u011fmu\u015f veya evlat edinilmi\u015f bir Kanada vatanda\u015f\u0131, vatanda\u015fl\u0131k belgesi ba\u015fvurusu veya evlat edinilen bir \u00e7ocuk i\u00e7in vatanda\u015fl\u0131k verilmesi ba\u015fvurusu s\u0131ras\u0131nda, \u00e7ocu\u011fun do\u011fumu veya evlat edinilmesinden \u00f6nce Kanada&#8217;da en az <strong>\u00fc\u00e7 y\u0131l<\/strong> fiziksel varl\u0131k g\u00f6sterebilirse, soy yoluyla vatanda\u015fl\u0131k aktarabilir.<\/p>\n<p>IRCC bunu Kanada ile <strong>\u00f6nemli bir ba\u011f<\/strong> olarak tan\u0131mlamaktad\u0131r. Pratik terimlerle, standart \u015f\u00f6yledir:<\/p>\n<ul>\n<li>Kanada&#8217;da k\u00fcm\u00fclatif olarak en az <strong>1.095 g\u00fcn<\/strong> <strong>fiziksel varl\u0131k<\/strong><\/li>\n<li>G\u00fcnler, \u00e7ocu\u011fun do\u011fumu veya evlat edinilmesinden <strong>\u00f6nce<\/strong> birikmi\u015f olmal\u0131d\u0131r<\/li>\n<li>Varl\u0131k, toplam <strong>1.095 g\u00fcne<\/strong> ula\u015ft\u0131\u011f\u0131 s\u00fcrece birden fazla d\u00f6nemde birikebilir<\/li>\n<\/ul>\n<p>\u0130leriye d\u00f6n\u00fck olarak, <strong>15 Aral\u0131k 2025<\/strong> tarihinde veya sonras\u0131nda yurt d\u0131\u015f\u0131nda do\u011fan veya evlat edinilen, kendisi de yurt d\u0131\u015f\u0131nda do\u011fmu\u015f veya evlat edinilmi\u015f bir Kanadal\u0131 ebeveynin \u00e7ocuklar\u0131, a\u015fa\u011f\u0131daki durumlarda ebeveynin bu <strong>\u00fc\u00e7 y\u0131ll\u0131k<\/strong> varl\u0131k \u015fart\u0131n\u0131 kar\u015f\u0131lad\u0131\u011f\u0131n\u0131 g\u00f6stermelidir:<\/p>\n<ul>\n<li>Yurt d\u0131\u015f\u0131nda do\u011fmu\u015f biyolojik bir \u00e7ocuk i\u00e7in <strong>Kanada vatanda\u015fl\u0131\u011f\u0131 belgesi<\/strong>ne ba\u015fvururken, veya<\/li>\n<li>Yurt d\u0131\u015f\u0131nda evlat edinilmi\u015f bir \u00e7ocuk i\u00e7in <strong>Kanada vatanda\u015fl\u0131\u011f\u0131<\/strong>na ba\u015fvururken<\/li>\n<\/ul>\n<p>Bir g\u00f6\u00e7menlik dan\u0131\u015fmanl\u0131\u011f\u0131 perspektifinden, bu yakla\u015f\u0131m bilin\u00e7li bir denge kurmaktad\u0131r. Modern Kanadal\u0131 ailelerin k\u00fcresel hareketlili\u011fini kabul ederken, soy yoluyla vatanda\u015fl\u0131\u011f\u0131n sadece sembolik ba\u011flardan ziyade Kanada ile ger\u00e7ek, kan\u0131tlanm\u0131\u015f ba\u011flara dayanmas\u0131 ilkesini peki\u015ftirmektedir.<\/p>\n<p class=\"blank\"><\/p>\n<h2>Kaybolmu\u015f Kanadal\u0131lar ve yurt d\u0131\u015f\u0131ndaki aileler \u00fczerindeki etkisi<\/h2>\n<p>C-3 Say\u0131l\u0131 Yasa, \u00f6nceki reformlardan sonra hala d\u0131\u015far\u0131da kalan ki\u015filer i\u00e7in \u00f6zellikle \u00f6nemlidir. Art\u0131k vatanda\u015fl\u0131\u011f\u0131 \u015funlara geni\u015fletmektedir:<\/p>\n<ul>\n<li>2009 ve 2015 d\u00fczeltmelerinden daha \u00f6nce d\u0131\u015far\u0131da kalan <strong>geri kalan Kaybolmu\u015f Kanadal\u0131lar<\/strong><\/li>\n<li>Tarihsel bo\u015fluklar nedeniyle vatanda\u015fl\u0131k iddia edememi\u015f olabilecek <strong>torunlar\u0131<\/strong><\/li>\n<li>Yeni yasa y\u00fcr\u00fcrl\u00fc\u011fe girmeden \u00f6nce, sadece ilk nesil s\u0131n\u0131r\u0131 veya daha eski h\u00fck\u00fcmler nedeniyle engellenmi\u015flerse, yurt d\u0131\u015f\u0131nda do\u011fmu\u015f veya yurt d\u0131\u015f\u0131nda evlat edinilmi\u015f, <strong>ikinci veya sonraki nesil<\/strong> bir Kanadal\u0131 ebeveynin \u00e7ocuklar\u0131<\/li>\n<\/ul>\n<p>Bir\u00e7ok aile i\u00e7in bu reform, y\u0131llar s\u00fcren ve baz\u0131 durumlarda on y\u0131llarca s\u00fcren hukuki belirsizlikten sonra Kanada ulusal toplulu\u011fu i\u00e7indeki yerlerini teyit etmektedir. H\u00fck\u00fcmet liderli\u011finden gelen kamuoyu yorumlar\u0131, yeni yasan\u0131n Kanadal\u0131lar\u0131n bug\u00fcn ger\u00e7ekten nas\u0131l ya\u015fad\u0131\u011f\u0131n\u0131 yans\u0131tmay\u0131 ama\u00e7lad\u0131\u011f\u0131n\u0131 vurgulamaktad\u0131r: yurt d\u0131\u015f\u0131nda okumak, uluslararas\u0131 \u00e7al\u0131\u015fmak, ailevi nedenlerle yer de\u011fi\u015ftirmek, ancak Kanada ile anlaml\u0131 ba\u011flar\u0131 s\u00fcrd\u00fcrmek. Kaybolmu\u015f Kanadal\u0131lar\u0131n savunucular\u0131 da bu de\u011fi\u015fikli\u011fi, vatanda\u015fl\u0131\u011fa eri\u015fimi daha adil ve makul hale getiren uzun zamand\u0131r beklenen bir d\u00fczeltme olarak kamuoyuna a\u00e7\u0131klam\u0131\u015flard\u0131r.<\/p>\n<p>Ayn\u0131 zamanda, h\u00fck\u00fcmet vatanda\u015fl\u0131\u011f\u0131n de\u011ferini koruman\u0131n bir \u00f6ncelik olmaya devam etti\u011fini a\u00e7\u0131k\u00e7a belirtmi\u015ftir. Yeni yolu \u00f6l\u00e7\u00fclebilir bir <strong>1.095 g\u00fcnl\u00fck<\/strong> fiziksel varl\u0131k \u015fart\u0131na ba\u011flayarak, C-3 Say\u0131l\u0131 Yasa, vatanda\u015fl\u0131\u011f\u0131n sadece soyla de\u011fil, ger\u00e7ek ba\u011flant\u0131yla da ilgili oldu\u011funa dair g\u00fc\u00e7l\u00fc bir sinyal g\u00f6ndermektedir. Gelecekte yurt d\u0131\u015f\u0131nda do\u011fan veya evlat edinilen \u00e7ocuklar i\u00e7in, ailelerin Kanadal\u0131 ebeveynin \u00fc\u00e7 y\u0131ll\u0131k standard\u0131 kar\u015f\u0131lad\u0131\u011f\u0131n\u0131 g\u00f6stermek i\u00e7in dikkatli bir planlama ve belgeleme yapmalar\u0131 gerekecektir.<\/p>\n<p>Genel olarak, de\u011fi\u015fikliklerin dava say\u0131s\u0131n\u0131 azaltmas\u0131, sonu\u00e7lar\u0131 netle\u015ftirmesi ve s\u0131n\u0131r \u00f6tesinde ya\u015fam kuran Kanadal\u0131lar i\u00e7in daha \u015feffaf bir \u00e7er\u00e7eve sa\u011flamas\u0131 beklenmektedir. Baz\u0131lar\u0131 i\u00e7in bu, pasaportlara, hareketlili\u011fe ve Kanadal\u0131 olarak tam tan\u0131nmaya kap\u0131 a\u00e7acakt\u0131r; di\u011ferleri i\u00e7in ise, \u00f6nemli ba\u011flant\u0131 testini kar\u015f\u0131lay\u0131p kar\u015f\u0131layamayacaklar\u0131n\u0131 belirlemek i\u00e7in Kanada&#8217;daki ge\u00e7mi\u015flerini dikkatlice g\u00f6zden ge\u00e7irmeleri gerekecektir.<\/p>\n<p>Bir\u00e7ok aile art\u0131k kendilerinin veya \u00e7ocuklar\u0131n\u0131n otomatik olarak vatanda\u015f olup olmad\u0131\u011f\u0131n\u0131, vatanda\u015fl\u0131k belgesi i\u00e7in ba\u015fvurup ba\u015fvurmamalar\u0131 gerekti\u011fini veya gerekli <strong>1095 g\u00fcnl\u00fck<\/strong> varl\u0131\u011f\u0131 nas\u0131l g\u00f6stereceklerini soracakt\u0131r. Bir\u00e7ok durumda, bu, y\u0131llar\u0131n ikamet, seyahat ve istihdam kay\u0131tlar\u0131n\u0131n yeniden olu\u015fturulmas\u0131n\u0131 gerektirecek ve bu karma\u015f\u0131k ve zaman al\u0131c\u0131 olabilir.<\/p>\n<p>\u0130nsanlar stat\u00fcleri hakk\u0131nda belirsizlikle kar\u015f\u0131la\u015ft\u0131klar\u0131nda, gecikme, ret veya eksik dosyalama riski artar. Profesyonel bir g\u00f6\u00e7menlik dan\u0131\u015fman\u0131, C-3 Say\u0131l\u0131 Yasa&#8217;n\u0131n belirli bir aile durumuna nas\u0131l uyguland\u0131\u011f\u0131n\u0131 yorumlamaya, kimin art\u0131k vatanda\u015f oldu\u011funu belirlemeye ve ba\u015fvurular\u0131 uygunlu\u011fu a\u00e7\u0131k\u00e7a g\u00f6steren bir \u015fekilde yap\u0131land\u0131rmaya yard\u0131mc\u0131 olabilir. Hizmetlerimiz, g\u00f6\u00e7menlik dan\u0131\u015fman\u0131ndan g\u00f6\u00e7menlik ba\u015fvurular\u0131n\u0131n haz\u0131rlanmas\u0131, dan\u0131\u015fmanl\u0131\u011f\u0131 ve temsilini i\u00e7erir.<\/p>\n","protected":false},"excerpt":{"rendered":"<p>Kanada&#8217;n\u0131n C-3 Yasas\u0131, &#8220;Kaybolmu\u015f Kanadal\u0131lar&#8221;a vatanda\u015fl\u0131k yolunu a\u00e7\u0131yor. Yurt d\u0131\u015f\u0131nda do\u011fan \u00e7ocuklara vatanda\u015fl\u0131k aktar\u0131m\u0131 i\u00e7in 3 y\u0131ll\u0131k fiziksel varl\u0131k \u015fart\u0131 getirerek s\u00fcreci netle\u015ftiriyor.<\/p>\n","protected":false},"author":4,"featured_media":523945,"comment_status":"","ping_status":"closed","sticky":false,"template":"","format":"standard","meta":{"footnotes":""},"categories":[4186],"tags":[5028,5029,5023,5024,5032,2707],"class_list":["post-523924","post","type-post","status-publish","format-standard","has-post-thumbnail","hentry","category-federal-tr","tag-gocmenlik-danismani","tag-gocmenlik-hukuku","tag-ircc-guncellemeleri","tag-kanadaya-gocmenlik","tag-politika","tag-vatandaslik"],"_links":{"self":[{"href":"https:\/\/redim.ca\/tr\/wp-json\/wp\/v2\/posts\/523924","targetHints":{"allow":["GET"]}}],"collection":[{"href":"https:\/\/redim.ca\/tr\/wp-json\/wp\/v2\/posts"}],"about":[{"href":"https:\/\/redim.ca\/tr\/wp-json\/wp\/v2\/types\/post"}],"author":[{"embeddable":true,"href":"https:\/\/redim.ca\/tr\/wp-json\/wp\/v2\/users\/4"}],"replies":[{"embeddable":true,"href":"https:\/\/redim.ca\/tr\/wp-json\/wp\/v2\/comments?post=523924"}],"version-history":[{"count":0,"href":"https:\/\/redim.ca\/tr\/wp-json\/wp\/v2\/posts\/523924\/revisions"}],"wp:featuredmedia":[{"embeddable":true,"href":"https:\/\/redim.ca\/tr\/wp-json\/wp\/v2\/media\/523945"}],"wp:attachment":[{"href":"https:\/\/redim.ca\/tr\/wp-json\/wp\/v2\/media?parent=523924"}],"wp:term":[{"taxonomy":"category","embeddable":true,"href":"https:\/\/redim.ca\/tr\/wp-json\/wp\/v2\/categories?post=523924"},{"taxonomy":"post_tag","embeddable":true,"href":"https:\/\/redim.ca\/tr\/wp-json\/wp\/v2\/tags?post=523924"}],"curies":[{"name":"wp","href":"https:\/\/api.w.org\/{rel}","templated":true}]}}