{"id":523436,"date":"2025-11-27T13:25:03","date_gmt":"2025-11-27T21:25:03","guid":{"rendered":"https:\/\/redim.ca\/yeni-3-6-milyon-dolarlik-fon-frankofon-gocmenlik-projelerini-destekliyor-ve-2028-hedeflerini-yukseltiyor\/"},"modified":"2025-11-27T13:25:03","modified_gmt":"2025-11-27T21:25:03","slug":"yeni-3-6-milyon-dolarlik-fon-frankofon-gocmenlik-projelerini-destekliyor-ve-2028-hedeflerini-yukseltiyor","status":"publish","type":"post","link":"https:\/\/redim.ca\/tr\/yeni-3-6-milyon-dolarlik-fon-frankofon-gocmenlik-projelerini-destekliyor-ve-2028-hedeflerini-yukseltiyor\/","title":{"rendered":"Yeni 3,6 Milyon Dolarl\u0131k Fon Frankofon G\u00f6\u00e7menlik Projelerini Destekliyor ve 2028 Hedeflerini Y\u00fckseltiyor"},"content":{"rendered":"<p>Kanada, g\u00f6\u00e7menlik politikas\u0131n\u0131 Frankofon az\u0131nl\u0131k topluluklar\u0131n\u0131n gelece\u011fiyle daha da yak\u0131ndan ili\u015fkilendiriyor. Yeni fonlar, net kabul hedefleri ve sa\u011fl\u0131k, e\u011fitim ve erken \u00e7ocukluk hizmetleri gibi kilit sekt\u00f6rlerde Frans\u0131zca konu\u015fan yeni g\u00f6\u00e7menlere daha g\u00fc\u00e7l\u00fc bir \u015fekilde odaklan\u0131l\u0131yor. Son \u00f6nlemler, Quebec d\u0131\u015f\u0131na yerle\u015fmek isteyen Frans\u0131zca konu\u015fan ve iki dilli ba\u015fvuru sahiplerinin uzun vadeli planlaman\u0131n merkezinde giderek daha fazla yer ald\u0131\u011f\u0131n\u0131 g\u00f6steriyor.<\/p>\n<p class=\"blank\"><\/p>\n<h3>Frankofon g\u00f6\u00e7menlik hedefleri ve kabul say\u0131lar\u0131<\/h3>\n<p>2025 B\u00fct\u00e7esi ile duyurulan \u00e7ok y\u0131ll\u0131 g\u00f6\u00e7menlik seviyeleri plan\u0131 kapsam\u0131nda federal h\u00fck\u00fcmet, 2026&#8217;dan 2028&#8217;e kadar Quebec d\u0131\u015f\u0131ndaki Frans\u0131zca konu\u015fan daimi sakinler i\u00e7in belirli y\u00fczdesel hedefleri resmile\u015ftirdi. Plan, 2026&#8217;da %9 (30.267 Frans\u0131zca konu\u015fan daimi ikamet kabul\u00fcne kar\u015f\u0131l\u0131k gelir), 2027&#8217;de %9,5 (31.825 kabul) ve 2028&#8217;de %10,5 (35.175 kabul) olarak kabul hedefleri belirlemektedir. Bu y\u00fczdeler, genel daimi ikamet seviyelerine dayanmakta olup, 2028&#8217;de %10,5&#8217;lik bir kabul oran\u0131na ve 2029&#8217;da %12&#8217;lik daha geni\u015f bir taahh\u00fcde do\u011fru istikrarl\u0131 bir \u015fekilde ilerlemek \u00fczere tasarlanm\u0131\u015ft\u0131r.<\/p>\n<p>Bu rakamlar, 2024&#8217;te Quebec d\u0131\u015f\u0131nda kabul edilen Frans\u0131zca konu\u015fan daimi sakinler i\u00e7in yak\u0131n zamanda kaydedilen %7,2&#8217;lik bir performans\u0131 takip ediyor. D\u00f6rt y\u0131l i\u00e7inde %7,2&#8217;den %10,5&#8217;e \u00e7\u0131kmak, hem oransal hem de mutlak say\u0131lar a\u00e7\u0131s\u0131ndan \u00f6nemli bir art\u0131\u015f\u0131 temsil etmektedir ve bu, koordineli i\u015fe al\u0131m, baz\u0131 ak\u0131\u015flarda daha h\u0131zl\u0131 i\u015flem s\u00fcreleri ve etkili yerle\u015fim deste\u011fi gerektirecektir. Pratikte, bu t\u00fcr ayr\u0131nt\u0131l\u0131 say\u0131sal hedefler genellikle memurlara ve program tasar\u0131mc\u0131lar\u0131na, Frankofon profillerinin tek bir ak\u0131\u015fta de\u011fil, birden fazla ekonomik g\u00f6\u00e7menlik kategorisinde \u00f6nceliklendirilece\u011fini i\u015faret eder.<\/p>\n<p>Yeni hedefler, daha geni\u015f kapsaml\u0131 Frankofon G\u00f6\u00e7menlik Politikas\u0131 ve 2024 Uygulama Plan\u0131 \u00e7er\u00e7evesinde yer almaktad\u0131r. Bu plan\u0131n 2025 bahar\u0131nda ger\u00e7ekle\u015ftirilen ilk y\u0131ll\u0131k g\u00f6zden ge\u00e7irmesi, uluslararas\u0131 tan\u0131t\u0131m ve ara\u015ft\u0131rmadan kabul hedefleri ve entegrasyon ara\u00e7lar\u0131na kadar \u00e7e\u015fitli alanlarda faaliyetlerin yolunda gitti\u011fini do\u011frulam\u0131\u015ft\u0131r. G\u00fcncellenmi\u015f bir ek, \u015fimdi kullan\u0131lan \u00f6nlemleri bir araya getirmekte olup, bu, \u00f6n\u00fcm\u00fczdeki \u00fc\u00e7 ila be\u015f y\u0131l i\u00e7inde politikan\u0131n nereye y\u00f6nelece\u011fini anlamas\u0131 gereken i\u015fverenler, topluluklar ve dan\u0131\u015fmanlar i\u00e7in \u00f6zellikle yararl\u0131 olacakt\u0131r.<\/p>\n<p class=\"blank\"><\/p>\n<h3>Frankofon G\u00f6\u00e7menlik Destek Program\u0131 arac\u0131l\u0131\u011f\u0131yla 3,6 milyon dolarl\u0131k yeni yat\u0131r\u0131m<\/h3>\n<p>Bu hedefleri sahada desteklemek amac\u0131yla h\u00fck\u00fcmet, Frankofon G\u00f6\u00e7menlik Destek Program\u0131 (FISP) kapsam\u0131nda d\u00f6rt yeni proje i\u00e7in yakla\u015f\u0131k 3,6 milyon dolarl\u0131k bir fon ay\u0131rd\u0131\u011f\u0131n\u0131 duyurdu. Bu program, 2023-2028 Resmi Diller Eylem Plan\u0131 kapsam\u0131nda be\u015f y\u0131l i\u00e7in 25 milyon dolarl\u0131k ayr\u0131 bir \u00f6denek alan Frankofon G\u00f6\u00e7menlik \u0130novasyon Merkezi arac\u0131l\u0131\u011f\u0131yla y\u00fcr\u00fct\u00fclmektedir. FISP, Frankofon g\u00f6\u00e7menli\u011fini te\u015fvik eden ve politikalara ve hizmetlere Frankofon bir bak\u0131\u015f a\u00e7\u0131s\u0131 entegre eden yenilik\u00e7i projeleri destekleyen bir hibe ve katk\u0131 program\u0131 olarak faaliyet g\u00f6stermektedir.<\/p>\n<p>Yeni finanse edilen d\u00f6rt giri\u015fim, Frankofon ve iki dilli adaylar\u0131n Frankofon az\u0131nl\u0131k topluluklar\u0131na ta\u015f\u0131nmas\u0131n\u0131, e\u011fitim g\u00f6rmesini ve \u00e7al\u0131\u015fmas\u0131n\u0131 kolayla\u015ft\u0131rmak \u00fczere tasarlanm\u0131\u015ft\u0131r. Birka\u00e7 proje, \u00f6zellikle sa\u011fl\u0131k, \u00f6\u011fretmenlik ve erken \u00e7ocukluk e\u011fitimi gibi i\u015f g\u00fcc\u00fc s\u0131k\u0131nt\u0131s\u0131n\u0131n yo\u011fun oldu\u011fu sekt\u00f6rlerde yurtd\u0131\u015f\u0131 tan\u0131t\u0131m ve i\u015fe al\u0131ma odaklanmaktad\u0131r. Di\u011ferleri ise Do\u011fu Ontario&#8217;daki b\u00f6lgeler ve di\u011fer resmi dil az\u0131nl\u0131k b\u00f6lgeleri de dahil olmak \u00fczere, halihaz\u0131rda daha fazla Frans\u0131zca konu\u015fan yeni g\u00f6\u00e7meni a\u011f\u0131rlayan topluluklardaki kapasiteyi g\u00fc\u00e7lendirmeyi ama\u00e7lamaktad\u0131r.<\/p>\n<p>FISP arac\u0131l\u0131\u011f\u0131yla desteklenen bir proje, Frankofon a\u011f\u0131ndaki kolejler ve \u00fcniversiteler, toplum hizmeti sa\u011flay\u0131c\u0131lar\u0131 ve Frankofon g\u00f6\u00e7menlik alan\u0131ndaki di\u011fer payda\u015flar aras\u0131ndaki i\u015f birli\u011fini derinle\u015ftirecektir. Ama\u00e7, yap\u0131land\u0131r\u0131lm\u0131\u015f diyalo\u011fu s\u00fcrd\u00fcrmek, en iyi uygulamalar\u0131 payla\u015fmak, uluslararas\u0131 \u00f6\u011frencilerin ger\u00e7ekleri hakk\u0131nda yeni veriler toplamak ve kar\u015f\u0131la\u015ft\u0131klar\u0131 engelleri kald\u0131rmak i\u00e7in g\u00fcncellenmi\u015f stratejiler geli\u015ftirmektir. Bu t\u00fcr bir kurumsal a\u011f, genellikle politika duyurular\u0131 ile ger\u00e7ek hayattaki sonu\u00e7lar aras\u0131ndaki eksik halkad\u0131r, bu nedenle koordinasyon ve veri toplamay\u0131 finanse etme karar\u0131 stratejik olarak \u00f6nemlidir.<\/p>\n<p class=\"blank\"><\/p>\n<h3>Bu \u00f6nlemler adaylar\u0131, \u00f6\u011frencileri, i\u015fverenleri ve topluluklar\u0131 nas\u0131l etkiliyor<\/h3>\n<p>Potansiyel ba\u015fvuru sahipleri i\u00e7in bu duyurular tek bir yeni vize kategorisi olu\u015fturmamakla birlikte, halihaz\u0131rda Frans\u0131zca konu\u015fan veya iki dilli profilleri destekleyen mevcut yollar\u0131 g\u00fc\u00e7lendirmekte ve geni\u015fletmektedir. Pratik anlamda, Frans\u0131zca konu\u015fan adaylar \u00f6n\u00fcm\u00fczdeki y\u0131llarda \u00e7e\u015fitli yollardan faydalanabilirler, \u00f6rne\u011fin:<\/p>\n<ul>\n<li>G\u00fc\u00e7l\u00fc Frans\u0131zca dil becerilerinin \u00f6nceliklendirildi\u011fi Express Entry sistemindeki kategori bazl\u0131 se\u00e7imler. Express Entry, Kanada&#8217;n\u0131n vas\u0131fl\u0131 i\u015f\u00e7ileri y\u00f6netmek i\u00e7in kulland\u0131\u011f\u0131 online bir sistemdir. Adaylar dil, e\u011fitim ve i\u015f deneyimi gibi fakt\u00f6rlere g\u00f6re puanlan\u0131r ve en y\u00fcksek puanl\u0131lar daimi ikamet ba\u015fvurusuna davet edilir.<\/li>\n<li>Belirli meslekleri hedefleyen Frankofon veya iki dilli ak\u0131\u015flara sahip eyalet aday programlar\u0131. Eyalet Aday Programlar\u0131 (PNP), Kanada eyaletlerinin ve b\u00f6lgelerinin, kendi ekonomilerinin ihtiya\u00e7lar\u0131n\u0131 kar\u015f\u0131layan belirli becerilere sahip g\u00f6\u00e7men adaylar\u0131n\u0131 belirlemesine olanak tan\u0131r. Bu programlar, eyaletlerin i\u015f g\u00fcc\u00fc piyasas\u0131ndaki bo\u015fluklar\u0131 doldurmak i\u00e7in tasarlanm\u0131\u015ft\u0131r.<\/li>\n<li>Sa\u011fl\u0131k, e\u011fitim ve erken \u00e7ocukluk hizmetleri gibi \u00f6ncelikli sekt\u00f6rlerde i\u015fveren destekli \u00e7al\u0131\u015fma izinleri<\/li>\n<li>Frankofon az\u0131nl\u0131k topluluklar\u0131na entegre olanlar i\u00e7in mezuniyet sonras\u0131 \u00e7al\u0131\u015fma izinlerine ve daha sonra daimi ikamete yol a\u00e7abilecek \u00f6\u011frenim izinleri<\/li>\n<\/ul>\n<p>Genel olarak, bu \u00f6nceliklerden yararlanmak isteyen Frans\u0131zca konu\u015fan ekonomik g\u00f6\u00e7men adaylar\u0131n\u0131n en az\u0131ndan \u015funlar\u0131 g\u00f6stermesi beklenir:<\/p>\n<ul>\n<li>Se\u00e7ilen yol i\u00e7in belirtilen seviyeyi kar\u015f\u0131layan veya a\u015fan tan\u0131nm\u0131\u015f Frans\u0131zca dil testi sonu\u00e7lar\u0131<\/li>\n<li>Gerekti\u011finde, kabul g\u00f6rm\u00fc\u015f bir denklik de\u011ferlendirme kurumu arac\u0131l\u0131\u011f\u0131yla de\u011ferlendirilmi\u015f e\u011fitim belgeleri<\/li>\n<li>Programa ba\u011fl\u0131 olarak, nitelikli bir meslekte i\u015f deneyimi veya Kanada&#8217;daki bir i\u015fverenden ge\u00e7erli bir i\u015f teklifi<\/li>\n<li>Tart\u0131\u015f\u0131lan hedefler ve programlar di\u011fer eyalet ve b\u00f6lgelerdeki Frankofon topluluklar\u0131 i\u00e7in tasarland\u0131\u011f\u0131ndan, Quebec d\u0131\u015f\u0131nda yerle\u015fme konusunda net bir niyet<\/li>\n<\/ul>\n<p>Frankofon kolej ve \u00fcniversitelerindeki uluslararas\u0131 \u00f6\u011frenciler de \u00f6nemli bir odak noktas\u0131d\u0131r. FISP taraf\u0131ndan finanse edilen koordinasyon sayesinde, bu \u00f6\u011frenciler ge\u00e7ici stat\u00fcden kal\u0131c\u0131 stat\u00fcye ge\u00e7i\u015f i\u00e7in daha yap\u0131land\u0131r\u0131lm\u0131\u015f destek bekleyebilirler; buna yollar hakk\u0131nda daha iyi bilgi, topluluk ba\u011flant\u0131lar\u0131 ve e\u011fitim g\u00f6rd\u00fckleri b\u00f6lgelerde kalma yollar\u0131 da dahildir. Bir g\u00f6\u00e7menlik uygulamas\u0131 perspektifinden bak\u0131ld\u0131\u011f\u0131nda, \u00f6\u011frencilere yap\u0131lan bu vurgu, bir\u00e7ok ba\u015far\u0131l\u0131 Frankofon daimi sakininin ilk olarak \u00f6\u011frenim izni yoluyla geldi\u011fi, ard\u0131ndan daimi ikamet ba\u015fvurusunda bulunmadan \u00f6nce Kanada deneyimi kazand\u0131\u011f\u0131 ger\u00e7e\u011fini yans\u0131tmaktad\u0131r.<\/p>\n<p>\u0130\u015fverenler ve topluluklar etkiyi birka\u00e7 \u015fekilde hissedecektir. 14&#8217;ten 24 toplulu\u011fa \u00e7\u0131kan Kar\u015f\u0131lay\u0131c\u0131 Frankofon Topluluklar\u0131 gibi giri\u015fimlere kat\u0131lan b\u00f6lgeler, Frans\u0131zca konu\u015fan i\u015f\u00e7ileri ve ailelerini \u00e7ekme ve elde tutma konusunda daha iyi bir konumda olacakt\u0131r. S\u00fcrekli olarak \u00f6ncelik olarak belirtilen sa\u011fl\u0131k, e\u011fitim ve erken \u00e7ocukluk hizmetleri sekt\u00f6rlerindeki i\u015fverenler, yurtd\u0131\u015f\u0131nda daha \u00f6zel i\u015fe al\u0131m etkinlikleri, h\u00fck\u00fcmet taraf\u0131ndan finanse edilen ortaklardan daha do\u011frudan destek ve baz\u0131 durumlarda i\u015f tekliflerini daha h\u0131zl\u0131 tan\u0131yan g\u00f6\u00e7menlik ak\u0131\u015flar\u0131 g\u00f6rebilirler. Demografik d\u00fc\u015f\u00fc\u015fle m\u00fccadele eden topluluklar i\u00e7in, y\u0131lda birka\u00e7 d\u00fczine ek Frans\u0131zca konu\u015fan aile bile okullar\u0131 ve hizmetleri istikrara kavu\u015fturabilir, bu nedenle bu y\u00fczde hedeflerinin \u00e7ok somut yerel etkileri vard\u0131r.<\/p>\n<p>Genel olarak, net say\u0131sal hedeflerin, FISP arac\u0131l\u0131\u011f\u0131yla sa\u011flanan hedefe y\u00f6nelik fonlar\u0131n ve Frankofon G\u00f6\u00e7menlik \u0130novasyon Merkezi&#8217;ne yap\u0131lan 25 milyon dolarl\u0131k daha geni\u015f yat\u0131r\u0131m\u0131n birle\u015fimi, Frankofon g\u00f6\u00e7menli\u011finin bu on y\u0131l\u0131n geri kalan\u0131nda ekonomik ve topluluk olu\u015fturma politikas\u0131n\u0131n merkezi bir dire\u011fi olarak kalaca\u011f\u0131n\u0131 g\u00f6stermektedir. Bu ara\u00e7lar\u0131n nas\u0131l etkile\u015fime girdi\u011fini anlayan ba\u015fvuru sahipleri, \u00f6\u011frenciler, i\u015fverenler ve topluluk kurulu\u015flar\u0131, yeni hedefler y\u00fcr\u00fcrl\u00fc\u011fe girdik\u00e7e fayda sa\u011flamak i\u00e7in daha g\u00fc\u00e7l\u00fc bir konumda olacaklard\u0131r.<\/p>\n","protected":false},"excerpt":{"rendered":"<p>Kanada, 3,6 milyon dolarl\u0131k fonla Frankofon g\u00f6\u00e7menlik hedeflerini art\u0131r\u0131yor. Quebec d\u0131\u015f\u0131na yerle\u015fmek isteyen Frans\u0131zca bilen adaylar i\u00e7in f\u0131rsatlar \u00e7o\u011fal\u0131yor.<\/p>\n","protected":false},"author":4,"featured_media":523763,"comment_status":"","ping_status":"closed","sticky":false,"template":"","format":"standard","meta":{"footnotes":""},"categories":[4186],"tags":[3961,2748,5027,2883,3960,3937,5028,5023,5024,5032,2749,3942,2720,5033],"class_list":["post-523436","post","type-post","status-publish","format-standard","has-post-thumbnail","hentry","category-federal-tr","tag-bolgesel-gocmenlik","tag-egitim-sistemi","tag-ekonomik-gocmenlik","tag-express-entry-tr","tag-eyalet-adaylik-programi","tag-frankofon-gocmenlik","tag-gocmenlik-danismani","tag-ircc-guncellemeleri","tag-kanadaya-gocmenlik","tag-politika","tag-saglik-sistemi","tag-talep-goren-meslekler","tag-uluslararasi-ogrenci","tag-yerlesim-hizmetleri"],"_links":{"self":[{"href":"https:\/\/redim.ca\/tr\/wp-json\/wp\/v2\/posts\/523436","targetHints":{"allow":["GET"]}}],"collection":[{"href":"https:\/\/redim.ca\/tr\/wp-json\/wp\/v2\/posts"}],"about":[{"href":"https:\/\/redim.ca\/tr\/wp-json\/wp\/v2\/types\/post"}],"author":[{"embeddable":true,"href":"https:\/\/redim.ca\/tr\/wp-json\/wp\/v2\/users\/4"}],"replies":[{"embeddable":true,"href":"https:\/\/redim.ca\/tr\/wp-json\/wp\/v2\/comments?post=523436"}],"version-history":[{"count":0,"href":"https:\/\/redim.ca\/tr\/wp-json\/wp\/v2\/posts\/523436\/revisions"}],"wp:featuredmedia":[{"embeddable":true,"href":"https:\/\/redim.ca\/tr\/wp-json\/wp\/v2\/media\/523763"}],"wp:attachment":[{"href":"https:\/\/redim.ca\/tr\/wp-json\/wp\/v2\/media?parent=523436"}],"wp:term":[{"taxonomy":"category","embeddable":true,"href":"https:\/\/redim.ca\/tr\/wp-json\/wp\/v2\/categories?post=523436"},{"taxonomy":"post_tag","embeddable":true,"href":"https:\/\/redim.ca\/tr\/wp-json\/wp\/v2\/tags?post=523436"}],"curies":[{"name":"wp","href":"https:\/\/api.w.org\/{rel}","templated":true}]}}